{"id":563,"date":"2024-03-31T23:51:45","date_gmt":"2024-03-31T23:51:45","guid":{"rendered":"https:\/\/cotidianopolicial.com.br\/site\/?p=563"},"modified":"2024-03-31T23:53:06","modified_gmt":"2024-03-31T23:53:06","slug":"a-camera-veio-para-ficar-diz-estudiosa-da-seguranca-publica-sobre-equipamento-usado-em-ocorrencias-policiais","status":"publish","type":"post","link":"https:\/\/cotidianopolicial.com.br\/site\/a-camera-veio-para-ficar-diz-estudiosa-da-seguranca-publica-sobre-equipamento-usado-em-ocorrencias-policiais.html","title":{"rendered":"\u201cA c\u00e2mera veio para ficar\u201d, diz estudiosa da seguran\u00e7a p\u00fablica, sobre equipamento usado em ocorr\u00eancias policiais"},"content":{"rendered":"\n<p>A utiliza\u00e7\u00e3o de c\u00e2meras corporais nas pol\u00edcias \u00e9 um caminho sem volta. Foi o que disse, com outras palavras, a diretora-executiva do F\u00f3rum Brasileiro de Seguran\u00e7a P\u00fablica (FBSP), Samira Bueno, durante um evento que discutiu o assunto em S\u00e3o Paulo.<\/p>\n\n\n\n<p>O equipamento j\u00e1 \u00e9 utilizado por uma parcela significativa da Pol\u00edcia Militar paulista e tem se expandido \u00e0s PMs de outros estados. De acordo com Samira, ser\u00e1 quest\u00e3o de tempo para que o acess\u00f3rio esteja presente em todas as pol\u00edcias militares do pa\u00eds.<\/p>\n\n\n\n<p>\u201cA c\u00e2mera veio para ficar. Daqui a dez anos, todas as for\u00e7as policiais do Brasil v\u00e3o usar. Essa \u00e9 a realidade dos Estados Unidos. Quatro em cada cinco policiais nos EUA j\u00e1 utilizam as c\u00e2meras corporais\u201d, destacou Samira.<\/p>\n\n\n\n<figure class=\"wp-block-image aligncenter size-full\"><a href=\"https:\/\/www.youtube.com\/watch?v=r0cF8rlq3nc\"><img loading=\"lazy\" decoding=\"async\" width=\"500\" height=\"285\" src=\"https:\/\/cotidianopolicial.com.br\/site\/wp-content\/uploads\/2024\/03\/vidoe-canal.jpg\" alt=\"\" class=\"wp-image-564\" srcset=\"https:\/\/cotidianopolicial.com.br\/site\/wp-content\/uploads\/2024\/03\/vidoe-canal.jpg 500w, https:\/\/cotidianopolicial.com.br\/site\/wp-content\/uploads\/2024\/03\/vidoe-canal-300x171.jpg 300w, https:\/\/cotidianopolicial.com.br\/site\/wp-content\/uploads\/2024\/03\/vidoe-canal-370x211.jpg 370w\" sizes=\"auto, (max-width: 500px) 100vw, 500px\" \/><\/a><\/figure>\n","protected":false},"excerpt":{"rendered":"<p>A utiliza\u00e7\u00e3o de c\u00e2meras corporais nas pol\u00edcias \u00e9 um caminho sem volta. Foi o que disse, com outras palavras, a diretora-executiva do F\u00f3rum Brasileiro de &#8230;<\/p>\n","protected":false},"author":2,"featured_media":565,"comment_status":"closed","ping_status":"open","sticky":false,"template":"","format":"standard","meta":{"footnotes":""},"categories":[1],"tags":[102,13],"class_list":["post-563","post","type-post","status-publish","format-standard","has-post-thumbnail","hentry","category-geral","tag-fbsp","tag-policia-militar"],"_links":{"self":[{"href":"https:\/\/cotidianopolicial.com.br\/site\/wp-json\/wp\/v2\/posts\/563","targetHints":{"allow":["GET"]}}],"collection":[{"href":"https:\/\/cotidianopolicial.com.br\/site\/wp-json\/wp\/v2\/posts"}],"about":[{"href":"https:\/\/cotidianopolicial.com.br\/site\/wp-json\/wp\/v2\/types\/post"}],"author":[{"embeddable":true,"href":"https:\/\/cotidianopolicial.com.br\/site\/wp-json\/wp\/v2\/users\/2"}],"replies":[{"embeddable":true,"href":"https:\/\/cotidianopolicial.com.br\/site\/wp-json\/wp\/v2\/comments?post=563"}],"version-history":[{"count":2,"href":"https:\/\/cotidianopolicial.com.br\/site\/wp-json\/wp\/v2\/posts\/563\/revisions"}],"predecessor-version":[{"id":567,"href":"https:\/\/cotidianopolicial.com.br\/site\/wp-json\/wp\/v2\/posts\/563\/revisions\/567"}],"wp:featuredmedia":[{"embeddable":true,"href":"https:\/\/cotidianopolicial.com.br\/site\/wp-json\/wp\/v2\/media\/565"}],"wp:attachment":[{"href":"https:\/\/cotidianopolicial.com.br\/site\/wp-json\/wp\/v2\/media?parent=563"}],"wp:term":[{"taxonomy":"category","embeddable":true,"href":"https:\/\/cotidianopolicial.com.br\/site\/wp-json\/wp\/v2\/categories?post=563"},{"taxonomy":"post_tag","embeddable":true,"href":"https:\/\/cotidianopolicial.com.br\/site\/wp-json\/wp\/v2\/tags?post=563"}],"curies":[{"name":"wp","href":"https:\/\/api.w.org\/{rel}","templated":true}]}}