{"id":392,"date":"2021-06-02T13:43:00","date_gmt":"2021-06-02T13:43:00","guid":{"rendered":"https:\/\/cotidianopolicial.com.br\/site\/?p=392"},"modified":"2022-04-15T17:55:51","modified_gmt":"2022-04-15T17:55:51","slug":"inspetor-penitenciario-confira-informacoes-do-edital-2021-do-sistema-penitenciario-no-espirito-santo","status":"publish","type":"post","link":"https:\/\/cotidianopolicial.com.br\/site\/inspetor-penitenciario-confira-informacoes-do-edital-2021-do-sistema-penitenciario-no-espirito-santo.html","title":{"rendered":"Inspetor Penitenci\u00e1rio: confira informa\u00e7\u00f5es do edital 2021 do sistema penitenci\u00e1rio no Esp\u00edrito Santo"},"content":{"rendered":"\n<p>No dia 1\u00ba de Junho de 2021, o estado do Espirito Santo lan\u00e7ou o edital do processo seletivo simplificado para vagas tempor\u00e1rias para os cargos de Inspetor de Penitenci\u00e1rio. O secret\u00e1rio de Estado de Justi\u00e7a, em ato pr\u00f3prio, designar\u00e1 uma Comiss\u00e3o do Processo Seletivo Simplificado, que ser\u00e1 encarregada de realizar o processo seletivo.<\/p>\n\n\n\n<p>A jornada de trabalho na fun\u00e7\u00e3o ser\u00e1 em regime de plant\u00e3o, em escala de 12 horas trabalhadas por 36 horas de folga, ou em hor\u00e1rio de expediente (oito horas di\u00e1rias), totalizando 40 horas semanais, de acordo com a necessidade da administra\u00e7\u00e3o.<\/p>\n\n\n\n<p>Confira abaixo as informa\u00e7\u00f5es b\u00e1sicas do edital para <strong>Inspetor Penitenci\u00e1rio:<\/strong><\/p>\n\n\n\n<p>&#8211; 200 vagas para <strong>Inspetor;<\/strong><\/p>\n\n\n\n<p>&#8211; <strong>Idade:<\/strong> 18 anos no m\u00ednimo;<\/p>\n\n\n\n<p>&#8211; <strong>Possuir Carteira Nacional de Habilita\u00e7\u00e3o:<\/strong> ativa e vigente, para condu\u00e7\u00e3o de ve\u00edculo automotor, categoria B, no m\u00ednimo.<\/p>\n\n\n\n<p>&#8211; <strong>Remunera\u00e7\u00e3o Inicial:<\/strong> R$ 2.988,13 (mais R$ 300,00 de vale refei\u00e7\u00e3o);<\/p>\n\n\n\n<p>&#8211; <strong>Escolaridade:<\/strong> Ensino M\u00e9dio;<\/p>\n\n\n\n<p>&#8211; <strong>Per\u00edodo de Inscri\u00e7\u00e3o:<\/strong> 14 de Junho de 2021 a 21 de Junho de 2021;<\/p>\n\n\n\n<p>&#8211; <strong>Data das provas:<\/strong> o candidato dever\u00e1 acompanhar as convoca\u00e7\u00f5es para as etapas atrav\u00e9s do site da Secretaria de Estado da Justi\u00e7a (www.sejus.es.gov.br).<\/p>\n","protected":false},"excerpt":{"rendered":"<p>No dia 1\u00ba de Junho de 2021, o estado do Espirito Santo lan\u00e7ou o edital do processo seletivo simplificado para vagas tempor\u00e1rias para os cargos &#8230;<\/p>\n","protected":false},"author":2,"featured_media":393,"comment_status":"open","ping_status":"open","sticky":false,"template":"","format":"standard","meta":{"footnotes":""},"categories":[11,9],"tags":[15,33,52,14,19],"class_list":["post-392","post","type-post","status-publish","format-standard","has-post-thumbnail","hentry","category-concursos","category-policia-penal","tag-concurso","tag-edital","tag-espirito-santo","tag-policia-penal","tag-sistema-penitenciario"],"_links":{"self":[{"href":"https:\/\/cotidianopolicial.com.br\/site\/wp-json\/wp\/v2\/posts\/392","targetHints":{"allow":["GET"]}}],"collection":[{"href":"https:\/\/cotidianopolicial.com.br\/site\/wp-json\/wp\/v2\/posts"}],"about":[{"href":"https:\/\/cotidianopolicial.com.br\/site\/wp-json\/wp\/v2\/types\/post"}],"author":[{"embeddable":true,"href":"https:\/\/cotidianopolicial.com.br\/site\/wp-json\/wp\/v2\/users\/2"}],"replies":[{"embeddable":true,"href":"https:\/\/cotidianopolicial.com.br\/site\/wp-json\/wp\/v2\/comments?post=392"}],"version-history":[{"count":1,"href":"https:\/\/cotidianopolicial.com.br\/site\/wp-json\/wp\/v2\/posts\/392\/revisions"}],"predecessor-version":[{"id":394,"href":"https:\/\/cotidianopolicial.com.br\/site\/wp-json\/wp\/v2\/posts\/392\/revisions\/394"}],"wp:featuredmedia":[{"embeddable":true,"href":"https:\/\/cotidianopolicial.com.br\/site\/wp-json\/wp\/v2\/media\/393"}],"wp:attachment":[{"href":"https:\/\/cotidianopolicial.com.br\/site\/wp-json\/wp\/v2\/media?parent=392"}],"wp:term":[{"taxonomy":"category","embeddable":true,"href":"https:\/\/cotidianopolicial.com.br\/site\/wp-json\/wp\/v2\/categories?post=392"},{"taxonomy":"post_tag","embeddable":true,"href":"https:\/\/cotidianopolicial.com.br\/site\/wp-json\/wp\/v2\/tags?post=392"}],"curies":[{"name":"wp","href":"https:\/\/api.w.org\/{rel}","templated":true}]}}