{"id":324,"date":"2021-09-09T18:38:22","date_gmt":"2021-09-09T18:38:22","guid":{"rendered":"https:\/\/cotidianopolicial.com.br\/site\/?p=324"},"modified":"2022-04-15T17:52:07","modified_gmt":"2022-04-15T17:52:07","slug":"policia-federal-prende-funcionario-suspeito-de-envolvimento-no-roubo-de-700-kg-de-ouro-no-aeroporto-de-guarulhos","status":"publish","type":"post","link":"https:\/\/cotidianopolicial.com.br\/site\/policia-federal-prende-funcionario-suspeito-de-envolvimento-no-roubo-de-700-kg-de-ouro-no-aeroporto-de-guarulhos.html","title":{"rendered":"Pol\u00edcia Federal prende funcion\u00e1rio suspeito de envolvimento no roubo de 700 kg de ouro no aeroporto de Guarulhos"},"content":{"rendered":"\n<p>Uma cena de filme: homens armados e com uniformes da Pol\u00edcia Federal entram no terminal de cargas do aeroporto de Guarulhos e roubam mais de 700 quilos de ouro. A carga, avaliada em R$ 110 milh\u00f5es, foi levada em uma ambul\u00e2ncia.<\/p>\n\n\n\n<p>O crime aconteceu em julho de 2019 e ganhou repercuss\u00e3o internacional por causa da ousadia dos bandidos. Mas nessa quarta-feira, 08 de setembro, a Pol\u00edcia Federal prendeu mais um suspeito de participa\u00e7\u00e3o na trama. O investigado foi preso na zona rural do munic\u00edpio de Anadia, no estado de Alagoas. &nbsp;<\/p>\n\n\n\n<p>Trata-se de um funcion\u00e1rio que, \u00e0 \u00e9poca do crime, trabalhava como auxiliar de rampa no aeroporto e era encarregado de ordenar as malas nas esteiras do terminal. Ele tinha credencial de acesso ao local v\u00e1lida at\u00e9 o dia 31 de dezembro de 2021.<\/p>\n\n\n\n<p>Em mar\u00e7o deste ano, outros seis assaltantes envolvidos no caso foram condenados pela justi\u00e7a.<\/p>\n","protected":false},"excerpt":{"rendered":"<p>Uma cena de filme: homens armados e com uniformes da Pol\u00edcia Federal entram no terminal de cargas do aeroporto de Guarulhos e roubam mais de &#8230;<\/p>\n","protected":false},"author":2,"featured_media":325,"comment_status":"open","ping_status":"open","sticky":false,"template":"","format":"standard","meta":{"footnotes":""},"categories":[1],"tags":[17,68],"class_list":["post-324","post","type-post","status-publish","format-standard","has-post-thumbnail","hentry","category-geral","tag-alagoas","tag-policia-federal"],"_links":{"self":[{"href":"https:\/\/cotidianopolicial.com.br\/site\/wp-json\/wp\/v2\/posts\/324","targetHints":{"allow":["GET"]}}],"collection":[{"href":"https:\/\/cotidianopolicial.com.br\/site\/wp-json\/wp\/v2\/posts"}],"about":[{"href":"https:\/\/cotidianopolicial.com.br\/site\/wp-json\/wp\/v2\/types\/post"}],"author":[{"embeddable":true,"href":"https:\/\/cotidianopolicial.com.br\/site\/wp-json\/wp\/v2\/users\/2"}],"replies":[{"embeddable":true,"href":"https:\/\/cotidianopolicial.com.br\/site\/wp-json\/wp\/v2\/comments?post=324"}],"version-history":[{"count":1,"href":"https:\/\/cotidianopolicial.com.br\/site\/wp-json\/wp\/v2\/posts\/324\/revisions"}],"predecessor-version":[{"id":326,"href":"https:\/\/cotidianopolicial.com.br\/site\/wp-json\/wp\/v2\/posts\/324\/revisions\/326"}],"wp:featuredmedia":[{"embeddable":true,"href":"https:\/\/cotidianopolicial.com.br\/site\/wp-json\/wp\/v2\/media\/325"}],"wp:attachment":[{"href":"https:\/\/cotidianopolicial.com.br\/site\/wp-json\/wp\/v2\/media?parent=324"}],"wp:term":[{"taxonomy":"category","embeddable":true,"href":"https:\/\/cotidianopolicial.com.br\/site\/wp-json\/wp\/v2\/categories?post=324"},{"taxonomy":"post_tag","embeddable":true,"href":"https:\/\/cotidianopolicial.com.br\/site\/wp-json\/wp\/v2\/tags?post=324"}],"curies":[{"name":"wp","href":"https:\/\/api.w.org\/{rel}","templated":true}]}}